{"id":6190,"date":"2025-09-25T21:14:53","date_gmt":"2025-09-25T19:14:53","guid":{"rendered":"https:\/\/jabrzezinscy.pl\/?p=6190"},"modified":"2025-10-15T22:43:35","modified_gmt":"2025-10-15T20:43:35","slug":"obrazy-do-salonu-inspiracje-i-najmodniejsze-rozwiazania","status":"publish","type":"post","link":"https:\/\/jabrzezinscy.pl\/?p=6190","title":{"rendered":"Obrazy do salonu \u2013 inspiracje i najmodniejsze rozwi\u0105zania"},"content":{"rendered":"\n<h1 class=\"wp-block-heading\"><\/h1>\n\n\n\n<p>Salon to nie tylko miejsce odpoczynku, ale tak\u017ce wizyt\u00f3wka domu. To tutaj sp\u0119dzamy czas z rodzin\u0105, przyjmujemy go\u015bci i tworzymy atmosfer\u0119, kt\u00f3ra ma oddawa\u0107 nasz styl i osobowo\u015b\u0107. Obrazy w salonie odgrywaj\u0105 ogromn\u0105 rol\u0119 \u2013 potrafi\u0105 nada\u0107 wn\u0119trzu charakter, wyrazi\u0107 emocje, a nawet optycznie zmieni\u0107 przestrze\u0144.<\/p>\n\n\n\n<h2 class=\"wp-block-heading\">Jakie style i kolory obraz\u00f3w pasuj\u0105 do salonu?<\/h2>\n\n\n\n<h3 class=\"wp-block-heading\">Minimalizm i nowoczesno\u015b\u0107<\/h3>\n\n\n\n<p>Nowoczesne wn\u0119trza kochaj\u0105 prostot\u0119. W takich aran\u017cacjach najlepiej sprawdzaj\u0105 si\u0119 obrazy o oszcz\u0119dnej formie i spokojnej palecie \u2013 czernie, biele, szaro\u015bci, subtelne be\u017ce. Jeden wi\u0119kszy obraz, np. <strong><a href=\"https:\/\/jabrzezinscy.pl\/?product=nieukryta\" data-type=\"link\" data-id=\"https:\/\/jabrzezinscy.pl\/?product=nieukryta\">\u201eNieukryta\u201d<\/a><\/strong>, zawieszony nad sof\u0105, doda wn\u0119trzu wyrafinowania bez prze\u0142adowania dekoracjami.<\/p>\n\n\n<div class=\"wp-block-image\">\n<figure class=\"aligncenter size-large\"><a href=\"https:\/\/jabrzezinscy.pl\/?product=nieukryta\"><img fetchpriority=\"high\" decoding=\"async\" width=\"830\" height=\"1024\" src=\"https:\/\/jabrzezinscy.pl\/wp-content\/uploads\/2025\/08\/1756471159676-830x1024.webp\" alt=\"Nieukryta\" class=\"wp-image-6114\" srcset=\"https:\/\/jabrzezinscy.pl\/wp-content\/uploads\/2025\/08\/1756471159676-830x1024.webp 830w, https:\/\/jabrzezinscy.pl\/wp-content\/uploads\/2025\/08\/1756471159676-243x300.webp 243w, https:\/\/jabrzezinscy.pl\/wp-content\/uploads\/2025\/08\/1756471159676-768x948.webp 768w, https:\/\/jabrzezinscy.pl\/wp-content\/uploads\/2025\/08\/1756471159676-1245x1536.webp 1245w, https:\/\/jabrzezinscy.pl\/wp-content\/uploads\/2025\/08\/1756471159676-scaled.webp 1556w, https:\/\/jabrzezinscy.pl\/wp-content\/uploads\/2025\/08\/1756471159676-600x740.webp 600w\" sizes=\"(max-width: 830px) 100vw, 830px\" \/><\/a><figcaption class=\"wp-element-caption\"><em><sup><a href=\"https:\/\/jabrzezinscy.pl\/?product=nieukryta\">Nieukryta<\/a> 90 x70x 2,5 cm (wys. x szer.)<br>Obraz przedstawiaj\u0105cy kobiec\u0105 sylwetk\u0119 w le\u015bnym, symbolicznym tle.<\/sup><\/em><\/figcaption><\/figure><\/div>\n\n\n<h3 class=\"wp-block-heading\">Styl skandynawski<\/h3>\n\n\n\n<p>Wn\u0119trza skandynawskie stawiaj\u0105 na jasno\u015b\u0107 i natur\u0119. W tej estetyce doskonale odnajdzie si\u0119 <strong><a href=\"https:\/\/jabrzezinscy.pl\/?product=luna\" data-type=\"link\" data-id=\"https:\/\/jabrzezinscy.pl\/?product=luna\">\u201eLuna\u201d<\/a><\/strong>, kt\u00f3rej mi\u0119kkie przej\u015bcia kolorystyczne podkre\u015bl\u0105 harmoni\u0119 i spok\u00f3j aran\u017cacji. Warto wybiera\u0107 ramy w jasnym drewnie lub bieli, aby obraz sta\u0142 si\u0119 naturalnym dope\u0142nieniem ca\u0142o\u015bci.<\/p>\n\n\n<div class=\"wp-block-image\">\n<figure class=\"aligncenter size-full\"><a href=\"https:\/\/jabrzezinscy.pl\/?product=luna\"><img decoding=\"async\" width=\"1799\" height=\"2334\" src=\"https:\/\/jabrzezinscy.pl\/wp-content\/uploads\/2025\/06\/lubiaca_sport.jpg\" alt=\"Luna\" class=\"wp-image-5687\"\/><\/a><figcaption class=\"wp-element-caption\"><em><sup><a href=\"https:\/\/jabrzezinscy.pl\/?product=luna\">Luna<\/a> 90 x70x 2,5 cm (wys. x szer.)<br>Ksi\u0119\u017cycowa, cicha, pe\u0142na intuicji. Patrzy w g\u0142\u0105b, kiedy inni patrz\u0105 na powierzchni\u0119.<\/sup><\/em><\/figcaption><\/figure><\/div>\n\n\n<h3 class=\"wp-block-heading\">Klasyczna elegancja<\/h3>\n\n\n\n<p>Je\u015bli salon ma charakter bardziej tradycyjny, z ci\u0119\u017cszymi meblami i stonowan\u0105 kolorystyk\u0105, \u015bwietnie sprawdz\u0105 si\u0119 dzie\u0142a w g\u0142\u0119bszych tonach. <strong><a href=\"https:\/\/jabrzezinscy.pl\/?product=kora\" data-type=\"link\" data-id=\"https:\/\/jabrzezinscy.pl\/?product=kora\">\u201eKora\u201d<\/a><\/strong> zbuduje poczucie r\u00f3wnowagi i stabilno\u015bci, a jej naturalny charakter pi\u0119knie wsp\u00f3\u0142gra z klasycznym wystrojem.<\/p>\n\n\n\n<h3 class=\"wp-block-heading\">Styl boho i eklektyczny<\/h3>\n\n\n<div class=\"wp-block-image\">\n<figure class=\"aligncenter size-large\"><a href=\"https:\/\/jabrzezinscy.pl\/?product=kora\"><img decoding=\"async\" width=\"819\" height=\"1024\" src=\"https:\/\/jabrzezinscy.pl\/wp-content\/uploads\/2025\/08\/kora-819x1024.webp\" alt=\"Agnieszka Brzezi\u0144ska\" class=\"wp-image-5995\" srcset=\"https:\/\/jabrzezinscy.pl\/wp-content\/uploads\/2025\/08\/kora-819x1024.webp 819w, https:\/\/jabrzezinscy.pl\/wp-content\/uploads\/2025\/08\/kora-240x300.webp 240w, https:\/\/jabrzezinscy.pl\/wp-content\/uploads\/2025\/08\/kora-768x960.webp 768w, https:\/\/jabrzezinscy.pl\/wp-content\/uploads\/2025\/08\/kora-1229x1536.webp 1229w, https:\/\/jabrzezinscy.pl\/wp-content\/uploads\/2025\/08\/kora-1638x2048.jpg 1638w, https:\/\/jabrzezinscy.pl\/wp-content\/uploads\/2025\/08\/kora-600x750.jpg 600w, https:\/\/jabrzezinscy.pl\/wp-content\/uploads\/2025\/08\/kora-scaled.webp 1536w\" sizes=\"(max-width: 819px) 100vw, 819px\" \/><\/a><figcaption class=\"wp-element-caption\"><em><sup><a href=\"https:\/\/jabrzezinscy.pl\/?product=kora\">Kora<\/a> 90 x70x 2,5 cm (wys. x szer.)<br>Ona przypomina, \u017ce nawet w najbardziej zmiennych \u017cywio\u0142ach mo\u017cemy odnale\u017a\u0107 oparcie.<\/sup><\/em><\/figcaption><\/figure><\/div>\n\n\n<p>Boho lubi odwa\u017cne po\u0142\u0105czenia, ciep\u0142e barwy i artystyczny nie\u0142ad. Obrazy takie jak <strong><a href=\"https:\/\/jabrzezinscy.pl\/?product=roza\" data-type=\"link\" data-id=\"https:\/\/jabrzezinscy.pl\/?product=roza\">\u201eR\u00f3\u017ca\u201d<\/a><\/strong> czy <strong><a href=\"https:\/\/jabrzezinscy.pl\/?product=marzycielka\" data-type=\"link\" data-id=\"https:\/\/jabrzezinscy.pl\/?product=marzycielka\">\u201eMarzycielka\u201d<\/a><\/strong> idealnie wpisuj\u0105 si\u0119 w t\u0119 stylistyk\u0119. Dzi\u0119ki swojej ekspresji i intensywnej kolorystyce wprowadzaj\u0105 energi\u0119 i o\u017cywiaj\u0105 wn\u0119trze.<\/p>\n\n\n\n<h3 class=\"wp-block-heading\">Sztuka wsp\u00f3\u0142czesna i ekspresyjna<\/h3>\n\n\n\n<div class=\"wp-block-columns is-layout-flex wp-container-core-columns-is-layout-28f84493 wp-block-columns-is-layout-flex\">\n<div class=\"wp-block-column is-vertically-aligned-center is-layout-flow wp-block-column-is-layout-flow\"><div class=\"wp-block-image\">\n<figure class=\"aligncenter size-large\"><a href=\"https:\/\/jabrzezinscy.pl\/?product=marzycielka\"><img loading=\"lazy\" decoding=\"async\" width=\"576\" height=\"1024\" src=\"https:\/\/jabrzezinscy.pl\/wp-content\/uploads\/2025\/08\/marzycielka-1-576x1024.webp\" alt=\"\" class=\"wp-image-5992\" srcset=\"https:\/\/jabrzezinscy.pl\/wp-content\/uploads\/2025\/08\/marzycielka-1-576x1024.webp 576w, https:\/\/jabrzezinscy.pl\/wp-content\/uploads\/2025\/08\/marzycielka-1-169x300.webp 169w, https:\/\/jabrzezinscy.pl\/wp-content\/uploads\/2025\/08\/marzycielka-1-768x1365.webp 768w, https:\/\/jabrzezinscy.pl\/wp-content\/uploads\/2025\/08\/marzycielka-1-864x1536.webp 864w, https:\/\/jabrzezinscy.pl\/wp-content\/uploads\/2025\/08\/marzycielka-1-600x1067.webp 600w, https:\/\/jabrzezinscy.pl\/wp-content\/uploads\/2025\/08\/marzycielka-1.webp 1080w\" sizes=\"(max-width: 576px) 100vw, 576px\" \/><\/a><figcaption class=\"wp-element-caption\"><em><sup><a href=\"https:\/\/jabrzezinscy.pl\/?product=marzycielka\">Marzycielka<\/a><br>80 cm \u00d7 60 cm x 2,5 cm (wys. x szer.)<br>Kieruje nas w stron\u0119 wewn\u0119trznego \u015bwiata: energetycznego, lecz delikatnego; pe\u0142nego nadziei, ale te\u017c zamy\u015blenia.<\/sup><\/em><\/figcaption><\/figure><\/div><\/div>\n\n\n\n<div class=\"wp-block-column is-layout-flow wp-block-column-is-layout-flow\"><div class=\"wp-block-image\">\n<figure class=\"aligncenter size-large\"><a href=\"https:\/\/jabrzezinscy.pl\/?product=roza\"><img loading=\"lazy\" decoding=\"async\" width=\"682\" height=\"1024\" src=\"https:\/\/jabrzezinscy.pl\/wp-content\/uploads\/2025\/06\/roza-682x1024.webp\" alt=\"\" class=\"wp-image-6121\" srcset=\"https:\/\/jabrzezinscy.pl\/wp-content\/uploads\/2025\/06\/roza-682x1024.webp 682w, https:\/\/jabrzezinscy.pl\/wp-content\/uploads\/2025\/06\/roza-200x300.webp 200w, https:\/\/jabrzezinscy.pl\/wp-content\/uploads\/2025\/06\/roza-768x1152.webp 768w, https:\/\/jabrzezinscy.pl\/wp-content\/uploads\/2025\/06\/roza-1024x1536.webp 1024w, https:\/\/jabrzezinscy.pl\/wp-content\/uploads\/2025\/06\/roza-scaled.webp 1280w, https:\/\/jabrzezinscy.pl\/wp-content\/uploads\/2025\/06\/roza-600x900.jpg 600w\" sizes=\"(max-width: 682px) 100vw, 682px\" \/><\/a><figcaption class=\"wp-element-caption\"><em><sup><a href=\"https:\/\/jabrzezinscy.pl\/?product=roza\">R\u00f3\u017ca<\/a><br>90 x70x 2,5 cm (wys. x szer.)<br>P\u0142ynie jak taniec \u2013 nieprzewidywalny, \u017cywy, intensywny.<\/sup><\/em><\/figcaption><\/figure><\/div><\/div>\n<\/div>\n\n\n\n<p>Dla os\u00f3b, kt\u00f3re lubi\u0105 mocniejsze akcenty, najlepsze b\u0119d\u0105 obrazy o dynamicznej formie i wyrazistych kontrastach, jak <strong><a href=\"https:\/\/jabrzezinscy.pl\/?product=trzy-twarze-ja\" data-type=\"link\" data-id=\"https:\/\/jabrzezinscy.pl\/?product=trzy-twarze-ja\">\u201eTrzy Twarze Ja\u201d<\/a><\/strong>. Takie dzie\u0142o od razu staje si\u0119 centralnym punktem salonu i wyra\u017ca silne emocje.<\/p>\n\n\n\n<h2 class=\"wp-block-heading\">Jak eksponowa\u0107 obrazy w salonie?<\/h2>\n\n\n<div class=\"wp-block-image\">\n<figure class=\"aligncenter size-full\"><a href=\"https:\/\/jabrzezinscy.pl\/?product=trzy-twarze-ja\"><img decoding=\"async\" src=\"https:\/\/jabrzezinscy.pl\/wp-content\/uploads\/2024\/10\/DSC_8699-scaled.jpg\" alt=\"trzy twarze Ja\" class=\"wp-image-5517\"\/><\/a><figcaption class=\"wp-element-caption\"><em><sup><a href=\"https:\/\/jabrzezinscy.pl\/?product=trzy-twarze-ja\">Trzy Twarze Ja<\/a> 60 cm \u00d7 100 cm x 2,5 cm (wys. x szer.)<br>To dzie\u0142o malarstwa wsp\u00f3\u0142czesnego staje si\u0119 metafor\u0105 poszukiwania siebie w \u015bwiecie pe\u0142nym oczekiwa\u0144 i zmian.<\/sup><\/em><\/figcaption><\/figure><\/div>\n\n\n<ol class=\"wp-block-list\">\n<li><strong>Centralny punkt nad sof\u0105<\/strong><br>Jeden wi\u0119kszy obraz \u2013 np. <strong>\u201eSolana\u201d<\/strong> \u2013 zawieszony nad kanap\u0105 przyci\u0105ga wzrok i buduje charakter ca\u0142ego wn\u0119trza.<\/li>\n\n\n\n<li><strong>Galeria \u015bcienna<\/strong><br>Kilka obraz\u00f3w o podobnej kolorystyce, np. zestawienie <strong>\u201eKory\u201d<\/strong> i <strong>\u201eLuny\u201d<\/strong>, mo\u017cna u\u0142o\u017cy\u0107 w formie galerii, tworz\u0105c sp\u00f3jn\u0105 i nowoczesn\u0105 aran\u017cacj\u0119.<\/li>\n\n\n\n<li><strong>Obrazy jako akcent kolorystyczny<\/strong><br>Je\u015bli w salonie znajduj\u0105 si\u0119 wyraziste dodatki, np. kolorowy fotel lub zas\u0142ony, dobrze jest dobra\u0107 obraz, kt\u00f3ry powt\u00f3rzy t\u0119 barw\u0119. <strong>\u201eR\u00f3\u017ca\u201d<\/strong> \u015bwietnie zharmonizuje si\u0119 z ciep\u0142ymi akcentami tekstyli\u00f3w.<\/li>\n\n\n\n<li><strong>Obrazy nad kominkiem lub w niszy<\/strong><br>W mniejszych przestrzeniach lepiej wybra\u0107 dzie\u0142a \u015bredniego formatu. Obrazy takie jak <strong>\u201eMarzycielka\u201d<\/strong> dodaj\u0105 wn\u0119trzu intymno\u015bci i tworz\u0105 przytulny klimat.<\/li>\n\n\n\n<li><strong>Kompozycje asymetryczne<\/strong><br>Styl boho czy eklektyczny lubi swobod\u0119 \u2013 kilka obraz\u00f3w r\u00f3\u017cnych rozmiar\u00f3w mo\u017cna zestawi\u0107 niesymetrycznie, co nada wn\u0119trzu artystycznej lekko\u015bci.<\/li>\n<\/ol>\n\n\n\n<h2 class=\"wp-block-heading\">Dlaczego warto postawi\u0107 na obrazy autorskie?<\/h2>\n\n\n\n<p>Obrazy Agnieszki Brzezi\u0144skiej z pracowni Jabrzezi\u0144scy to nie tylko dekoracja \u2013 to dzie\u0142a sztuki pe\u0142ne emocji i symboliki. Wyr\u00f3\u017cniaj\u0105 si\u0119 oryginalno\u015bci\u0105, a ich obecno\u015b\u0107 w salonie sprawia, \u017ce wn\u0119trze nabiera indywidualnego charakteru. W przeciwie\u0144stwie do masowej dekoracji \u015bciennej, autorskie malarstwo wprowadza do domu unikalny klimat i jest trwa\u0142\u0105 inwestycj\u0105 w pi\u0119kno.<\/p>\n\n\n\n<hr class=\"wp-block-separator has-alpha-channel-opacity\"\/>\n\n\n\n<h2 class=\"wp-block-heading\">Podsumowanie<\/h2>\n\n\n\n<p>Dob\u00f3r obraz\u00f3w do salonu to nie tylko kwestia stylu, ale tak\u017ce sposobu, w jaki chcemy si\u0119 czu\u0107 w tej przestrzeni. Czy ma by\u0107 ona pe\u0142na spokoju, harmonii, czy raczej energii i emocji? Kolekcja Jabrzezi\u0144scy oferuje dzie\u0142a, kt\u00f3re pasuj\u0105 do ka\u017cdego z tych nastroj\u00f3w \u2013 od subtelnej <strong>\u201eNieukrytej\u201d<\/strong>, przez pe\u0142n\u0105 \u015bwiat\u0142a <strong>\u201eSolan\u0119\u201d<\/strong>, a\u017c po ekspresyjne <strong>\u201eTrzy Twarze Ja\u201d<\/strong>.<\/p>\n\n\n\n<p>Warto traktowa\u0107 obraz nie tylko jako dekoracj\u0119, ale jako serce aran\u017cacji salonu \u2013 element, kt\u00f3ry nadaje mu dusz\u0119.<\/p>\n","protected":false},"excerpt":{"rendered":"<p>Salon to nie tylko miejsce odpoczynku, ale tak\u017ce wizyt\u00f3wka domu. To tutaj sp\u0119dzamy czas z rodzin\u0105, przyjmujemy go\u015bci i tworzymy atmosfer\u0119, kt\u00f3ra ma oddawa\u0107 nasz styl i osobowo\u015b\u0107. Obrazy w salonie odgrywaj\u0105 ogromn\u0105 rol\u0119 \u2013 potrafi\u0105 nada\u0107 wn\u0119trzu charakter, wyrazi\u0107 emocje, a nawet optycznie zmieni\u0107 przestrze\u0144. Jakie style i kolory [&hellip;]<\/p>\n","protected":false},"author":1,"featured_media":6114,"comment_status":"open","ping_status":"open","sticky":false,"template":"","format":"standard","meta":{"footnotes":""},"categories":[25,65,24,72],"tags":[],"class_list":["post-6190","post","type-post","status-publish","format-standard","has-post-thumbnail","hentry","category-architektura","category-inspiracje-trendy","category-malarstwo","category-porady"],"_links":{"self":[{"href":"https:\/\/jabrzezinscy.pl\/index.php?rest_route=\/wp\/v2\/posts\/6190","targetHints":{"allow":["GET"]}}],"collection":[{"href":"https:\/\/jabrzezinscy.pl\/index.php?rest_route=\/wp\/v2\/posts"}],"about":[{"href":"https:\/\/jabrzezinscy.pl\/index.php?rest_route=\/wp\/v2\/types\/post"}],"author":[{"embeddable":true,"href":"https:\/\/jabrzezinscy.pl\/index.php?rest_route=\/wp\/v2\/users\/1"}],"replies":[{"embeddable":true,"href":"https:\/\/jabrzezinscy.pl\/index.php?rest_route=%2Fwp%2Fv2%2Fcomments&post=6190"}],"version-history":[{"count":4,"href":"https:\/\/jabrzezinscy.pl\/index.php?rest_route=\/wp\/v2\/posts\/6190\/revisions"}],"predecessor-version":[{"id":6268,"href":"https:\/\/jabrzezinscy.pl\/index.php?rest_route=\/wp\/v2\/posts\/6190\/revisions\/6268"}],"wp:featuredmedia":[{"embeddable":true,"href":"https:\/\/jabrzezinscy.pl\/index.php?rest_route=\/wp\/v2\/media\/6114"}],"wp:attachment":[{"href":"https:\/\/jabrzezinscy.pl\/index.php?rest_route=%2Fwp%2Fv2%2Fmedia&parent=6190"}],"wp:term":[{"taxonomy":"category","embeddable":true,"href":"https:\/\/jabrzezinscy.pl\/index.php?rest_route=%2Fwp%2Fv2%2Fcategories&post=6190"},{"taxonomy":"post_tag","embeddable":true,"href":"https:\/\/jabrzezinscy.pl\/index.php?rest_route=%2Fwp%2Fv2%2Ftags&post=6190"}],"curies":[{"name":"wp","href":"https:\/\/api.w.org\/{rel}","templated":true}]}}